{"id":1301,"date":"2022-06-08T21:10:23","date_gmt":"2022-06-08T19:10:23","guid":{"rendered":"http:\/\/www.stadtkapelle-oettingen.de\/?p=1301"},"modified":"2022-06-08T21:10:24","modified_gmt":"2022-06-08T19:10:24","slug":"wochen-des-offenen-unterrichts-vom-01-07-2022-29-07-2022","status":"publish","type":"post","link":"https:\/\/www.stadtkapelle-oettingen.de\/?p=1301","title":{"rendered":"Wochen des offenen Unterrichts vom 01.07.2022 &#8211; 29.07.2022"},"content":{"rendered":"\n<p>Vom 01.07.2022 &#8211; 29.07.2022 finden wieder unsere \u201eWochen des offenen Unterrichts\u201c statt. Diese bieten interessierten Eltern und Kindern die M\u00f6glichkeit, in den normalen Musikunterricht \u201ehineinzuschnuppern\u201c und den Musiklehrern beim Unterricht \u00fcber die Schulter zu schauen.<\/p>\n\n\n\n<p>Sie erfahren dabei alles \u00fcber unsere instrumentale Ausbildung und d\u00fcrfen miterleben, wie unsere Lehrer den Unterricht gestalten.<\/p>\n\n\n\n<p>Sie k\u00f6nnen sich beispielsweise bei den entsprechenden Lehrern \u00fcber die verschiedenen Instrumente informieren, sie kurz ausprobieren oder auch einfach nur beim Unterricht zuschauen.<\/p>\n\n\n\n<p>Sie k\u00f6nnen in folgende Unterrichtsstunden hineinschnuppern: Klarinette, Saxophon, Querfl\u00f6te, Schlagzeug, Trompete,, Fl\u00fcgelhorn, Tenorhorn, Posaune, Tuba, Blockfl\u00f6te, Trommel<\/p>\n\n\n\n<p>Na, neugierig geworden? Nutzen Sie unser Kontaktformular unter \u201eKontakt\u201c und schreiben Sie uns, welcher Musikunterricht Sie interessiert. Wir werden Ihre Anfrage an den entsprechenden Musiklehrer weiterleiten, der sich dann zur individuellen Terminvereinbarung bei Ihnen melden wird.<\/p>\n","protected":false},"excerpt":{"rendered":"<p>Vom 01.07.2022 &#8211; 29.07.2022 finden wieder unsere \u201eWochen des offenen Unterrichts\u201c statt. Diese bieten interessierten Eltern und Kindern die M\u00f6glichkeit, in den normalen Musikunterricht \u201ehineinzuschnuppern\u201c und den Musiklehrern beim Unterricht \u00fcber die Schulter zu schauen. Sie erfahren dabei alles \u00fcber unsere instrumentale Ausbildung und d\u00fcrfen miterleben, wie unsere Lehrer den Unterricht gestalten. Sie k\u00f6nnen sich beispielsweise bei den entsprechenden Lehrern<\/p>\n<p><a class=\"more-link\" href=\"https:\/\/www.stadtkapelle-oettingen.de\/?p=1301\">Weiterlesen<\/a><\/p>\n","protected":false},"author":3,"featured_media":0,"comment_status":"closed","ping_status":"open","sticky":false,"template":"","format":"standard","meta":{"footnotes":""},"categories":[7],"tags":[],"_links":{"self":[{"href":"https:\/\/www.stadtkapelle-oettingen.de\/index.php?rest_route=\/wp\/v2\/posts\/1301"}],"collection":[{"href":"https:\/\/www.stadtkapelle-oettingen.de\/index.php?rest_route=\/wp\/v2\/posts"}],"about":[{"href":"https:\/\/www.stadtkapelle-oettingen.de\/index.php?rest_route=\/wp\/v2\/types\/post"}],"author":[{"embeddable":true,"href":"https:\/\/www.stadtkapelle-oettingen.de\/index.php?rest_route=\/wp\/v2\/users\/3"}],"replies":[{"embeddable":true,"href":"https:\/\/www.stadtkapelle-oettingen.de\/index.php?rest_route=%2Fwp%2Fv2%2Fcomments&post=1301"}],"version-history":[{"count":2,"href":"https:\/\/www.stadtkapelle-oettingen.de\/index.php?rest_route=\/wp\/v2\/posts\/1301\/revisions"}],"predecessor-version":[{"id":1303,"href":"https:\/\/www.stadtkapelle-oettingen.de\/index.php?rest_route=\/wp\/v2\/posts\/1301\/revisions\/1303"}],"wp:attachment":[{"href":"https:\/\/www.stadtkapelle-oettingen.de\/index.php?rest_route=%2Fwp%2Fv2%2Fmedia&parent=1301"}],"wp:term":[{"taxonomy":"category","embeddable":true,"href":"https:\/\/www.stadtkapelle-oettingen.de\/index.php?rest_route=%2Fwp%2Fv2%2Fcategories&post=1301"},{"taxonomy":"post_tag","embeddable":true,"href":"https:\/\/www.stadtkapelle-oettingen.de\/index.php?rest_route=%2Fwp%2Fv2%2Ftags&post=1301"}],"curies":[{"name":"wp","href":"https:\/\/api.w.org\/{rel}","templated":true}]}}