{"id":1622,"date":"2024-09-08T16:53:28","date_gmt":"2024-09-08T14:53:28","guid":{"rendered":"http:\/\/www.stadtkapelle-oettingen.de\/?p=1622"},"modified":"2024-09-08T17:09:06","modified_gmt":"2024-09-08T15:09:06","slug":"erstauftritt-der-kleinen-besetzung-der-stadtkapelle-oettingen-bei-der-fahnenweihe-des-trachtengaus-bayern-noerdlich-der-donau","status":"publish","type":"post","link":"https:\/\/www.stadtkapelle-oettingen.de\/?p=1622","title":{"rendered":"Erstauftritt der kleinen Besetzung der Stadtkapelle Oettingen bei der Fahnenweihe des Trachtengaus Bayern n\u00f6rdlich der Donau"},"content":{"rendered":"\n<p>Heute fand die Fahnenweihe des Trachtengaus Bayern n\u00f6rdlich der Donau statt, ein feierliches Ereignis im Kreis der Trachtenvereine. Die musikalische Begleitung der Veranstaltung wurde von der kleinen Besetzung der Stadtkapelle Oettingen \u00fcbernommen, die mit neun Musikern auftrat. Dieser Auftritt war der Erstauftritt dieser im Mai 2023 gegr\u00fcndeten Formation.<\/p>\n\n\n\n<p>Die Musiker der Stadtkapelle spielten verschiedene St\u00fccke, die von traditionellen M\u00e4rschen bis hin zu volkst\u00fcmlicher Musik reichten. Die Darbietungen f\u00fcgten sich gut in das Geschehen ein und schufen eine angenehme Hintergrundatmosph\u00e4re. Besonders w\u00e4hrend des Einzugs der Fahnenabordnungen wurde mit einem Marsch f\u00fcr eine feierliche Untermalung gesorgt.<\/p>\n\n\n\n<p>W\u00e4hrend der offiziellen Zeremonie und auch in den Pausen bewirkte die Musik der kleinen Besetzung eine gewisse Auflockerung. Die Musiker passten sich den jeweiligen Momenten der Veranstaltung an. Der musikalische Beitrag war dezent und unterst\u00fctzte den Ablauf des Festes.<\/p>\n\n\n\n<p>Wenn sie mehr \u00fcber die kleine Besetzung der Stadtkapelle Oettingen erfahren m\u00f6chten, dann klicken Sie doch gerne hier: <a href=\"http:\/\/www.stadtkapelle-oettingen.de\/?page_id=300\" data-type=\"page\" data-id=\"300\">Kleine Besetzung<\/a><\/p>\n\n\n<div class=\"wp-block-image\">\n<figure class=\"aligncenter size-large\"><img loading=\"lazy\" decoding=\"async\" width=\"1024\" height=\"768\" src=\"http:\/\/www.stadtkapelle-oettingen.de\/wp-content\/uploads\/2024\/09\/WhatsApp-Image-2024-09-08-at-16.33.48-1024x768.jpeg\" alt=\"\" class=\"wp-image-1620\" srcset=\"https:\/\/www.stadtkapelle-oettingen.de\/wp-content\/uploads\/2024\/09\/WhatsApp-Image-2024-09-08-at-16.33.48-1024x768.jpeg 1024w, https:\/\/www.stadtkapelle-oettingen.de\/wp-content\/uploads\/2024\/09\/WhatsApp-Image-2024-09-08-at-16.33.48-300x225.jpeg 300w, https:\/\/www.stadtkapelle-oettingen.de\/wp-content\/uploads\/2024\/09\/WhatsApp-Image-2024-09-08-at-16.33.48-768x576.jpeg 768w, https:\/\/www.stadtkapelle-oettingen.de\/wp-content\/uploads\/2024\/09\/WhatsApp-Image-2024-09-08-at-16.33.48-1536x1152.jpeg 1536w, https:\/\/www.stadtkapelle-oettingen.de\/wp-content\/uploads\/2024\/09\/WhatsApp-Image-2024-09-08-at-16.33.48-2048x1536.jpeg 2048w, https:\/\/www.stadtkapelle-oettingen.de\/wp-content\/uploads\/2024\/09\/WhatsApp-Image-2024-09-08-at-16.33.48-800x600.jpeg 800w, https:\/\/www.stadtkapelle-oettingen.de\/wp-content\/uploads\/2024\/09\/WhatsApp-Image-2024-09-08-at-16.33.48-400x300.jpeg 400w\" sizes=\"(max-width: 1024px) 100vw, 1024px\" \/><figcaption class=\"wp-element-caption\"><em>Die kleine Besetzung bei der Fahnenweihe des Trachtengaus<\/em><\/figcaption><\/figure><\/div>\n\n\n<p><\/p>\n","protected":false},"excerpt":{"rendered":"<p>Heute fand die Fahnenweihe des Trachtengaus Bayern n\u00f6rdlich der Donau statt, ein feierliches Ereignis im Kreis der Trachtenvereine. Die musikalische Begleitung der Veranstaltung wurde von der kleinen Besetzung der Stadtkapelle Oettingen \u00fcbernommen, die mit neun Musikern auftrat. Dieser Auftritt war der Erstauftritt dieser im Mai 2023 gegr\u00fcndeten Formation. Die Musiker der Stadtkapelle spielten verschiedene St\u00fccke, die von traditionellen M\u00e4rschen bis<\/p>\n<p><a class=\"more-link\" href=\"https:\/\/www.stadtkapelle-oettingen.de\/?p=1622\">Weiterlesen<\/a><\/p>\n","protected":false},"author":10,"featured_media":0,"comment_status":"closed","ping_status":"open","sticky":false,"template":"","format":"standard","meta":{"footnotes":""},"categories":[1],"tags":[],"_links":{"self":[{"href":"https:\/\/www.stadtkapelle-oettingen.de\/index.php?rest_route=\/wp\/v2\/posts\/1622"}],"collection":[{"href":"https:\/\/www.stadtkapelle-oettingen.de\/index.php?rest_route=\/wp\/v2\/posts"}],"about":[{"href":"https:\/\/www.stadtkapelle-oettingen.de\/index.php?rest_route=\/wp\/v2\/types\/post"}],"author":[{"embeddable":true,"href":"https:\/\/www.stadtkapelle-oettingen.de\/index.php?rest_route=\/wp\/v2\/users\/10"}],"replies":[{"embeddable":true,"href":"https:\/\/www.stadtkapelle-oettingen.de\/index.php?rest_route=%2Fwp%2Fv2%2Fcomments&post=1622"}],"version-history":[{"count":2,"href":"https:\/\/www.stadtkapelle-oettingen.de\/index.php?rest_route=\/wp\/v2\/posts\/1622\/revisions"}],"predecessor-version":[{"id":1624,"href":"https:\/\/www.stadtkapelle-oettingen.de\/index.php?rest_route=\/wp\/v2\/posts\/1622\/revisions\/1624"}],"wp:attachment":[{"href":"https:\/\/www.stadtkapelle-oettingen.de\/index.php?rest_route=%2Fwp%2Fv2%2Fmedia&parent=1622"}],"wp:term":[{"taxonomy":"category","embeddable":true,"href":"https:\/\/www.stadtkapelle-oettingen.de\/index.php?rest_route=%2Fwp%2Fv2%2Fcategories&post=1622"},{"taxonomy":"post_tag","embeddable":true,"href":"https:\/\/www.stadtkapelle-oettingen.de\/index.php?rest_route=%2Fwp%2Fv2%2Ftags&post=1622"}],"curies":[{"name":"wp","href":"https:\/\/api.w.org\/{rel}","templated":true}]}}