{"id":1625,"date":"2024-10-01T11:10:46","date_gmt":"2024-10-01T09:10:46","guid":{"rendered":"http:\/\/www.stadtkapelle-oettingen.de\/?p=1625"},"modified":"2024-10-03T20:38:46","modified_gmt":"2024-10-03T18:38:46","slug":"besuch-der-stadtkapelle-oettingen-beim-musikverein-willebadessen-ein-wochenende-voller-musik-freundschaft-und-feierlichkeiten","status":"publish","type":"post","link":"https:\/\/www.stadtkapelle-oettingen.de\/?p=1625","title":{"rendered":"Besuch der Stadtkapelle Oettingen beim Musikverein Willebadessen: Ein Wochenende voller Musik, Freundschaft und Feierlichkeiten"},"content":{"rendered":"\n<p>Am vergangenen Wochenende erlebten die Mitglieder der bayerischen Stadtkapelle Oettingen ein unvergessliches Treffen mit dem Musikverein Willebadessen in Nordrhein-Westfalen. Dieses Ereignis, das nicht nur von musikalischem Austausch, sondern auch von kameradschaftlicher Verbundenheit gepr\u00e4gt war, fand von Freitag bis Sonntag statt und bot eine wunderbare Gelegenheit, gemeinsam zu musizieren, zu feiern und neue Freundschaften zu kn\u00fcpfen.<\/p>\n\n\n\n<p>Am Freitag begann das Wochenende mit der Anreise der Stadtkapelle Oettingen. Nach einer herzlichen Begr\u00fc\u00dfung durch die Musikerinnen und Musiker der Partnerkapelle aus Willebadessen sp\u00fcrte man sofort, dass dieses Treffen in einer entspannten und freundschaftlichen Atmosph\u00e4re stattfinden w\u00fcrde. Der erste Abend wurde genutzt, um sich gegenseitig kennenzulernen, und nat\u00fcrlich durfte die Musik nicht fehlen. Beide Vereine spielten gemeinsam erste St\u00fccke und verbrachten einen geselligen Abend.<\/p>\n\n\n\n<p>Der Samstag stand ganz im Zeichen von Teamgeist und Entdeckungslust. Am Vormittag organisierten die Gastgeber aus Willebadessen eine spannende Schnitzeljagd. Diese f\u00fchrte die Musiker durch die idyllische Umgebung der nordrhein-westf\u00e4lischen Stadt und bot Gelegenheit, die Region auf spielerische Art zu erkunden. Bei verschiedenen Aufgaben und R\u00e4tseln mussten die Musikerinnen und Musiker nicht nur ihren Verstand nutzen, sondern auch Teamarbeit leisten.<\/p>\n\n\n\n<p>Nach einem erlebnisreichen Tag voller Abenteuer und Spa\u00df folgte am Abend ein weiterer H\u00f6hepunkt des Besuchs: Der gemeinsame Ausflug zur Warburger Oktoberwoche. Die fr\u00f6hliche Stimmung, die lebendige Musik und das bunte Treiben des Festes boten die perfekte Kulisse f\u00fcr einen ausgelassenen Abend, bei dem die Freundschaft zwischen den beiden Vereinen weiter gest\u00e4rkt wurde.<\/p>\n\n\n\n<p>Der Sonntag stand im Zeichen des Abschieds. Nach einem gemeinsamen Fr\u00fchst\u00fcck verabschiedeten sich die Stadtkapelle Oettingen und der Musikverein Willebadessen freundschaftlich voneinander. Die Stimmung war emotional, denn das Wochenende hatte viele sch\u00f6ne Erinnerungen geschaffen, die noch lange nachwirken werden. Schlie\u00dflich trat die Stadtkapelle Oettingen die Heimreise an, im Gep\u00e4ck nicht nur ihre Instrumente, sondern auch viele neue Freundschaften und die Vorfreude auf ein baldiges Wiedersehen.<\/p>\n\n\n\n<figure class=\"wp-block-image size-large\"><img loading=\"lazy\" decoding=\"async\" width=\"1024\" height=\"768\" src=\"http:\/\/www.stadtkapelle-oettingen.de\/wp-content\/uploads\/2024\/10\/IMG_0106-1-1024x768.jpg\" alt=\"\" class=\"wp-image-1629\" srcset=\"https:\/\/www.stadtkapelle-oettingen.de\/wp-content\/uploads\/2024\/10\/IMG_0106-1-1024x768.jpg 1024w, https:\/\/www.stadtkapelle-oettingen.de\/wp-content\/uploads\/2024\/10\/IMG_0106-1-300x225.jpg 300w, https:\/\/www.stadtkapelle-oettingen.de\/wp-content\/uploads\/2024\/10\/IMG_0106-1-768x576.jpg 768w, https:\/\/www.stadtkapelle-oettingen.de\/wp-content\/uploads\/2024\/10\/IMG_0106-1-1536x1152.jpg 1536w, https:\/\/www.stadtkapelle-oettingen.de\/wp-content\/uploads\/2024\/10\/IMG_0106-1-2048x1536.jpg 2048w, https:\/\/www.stadtkapelle-oettingen.de\/wp-content\/uploads\/2024\/10\/IMG_0106-1-800x600.jpg 800w, https:\/\/www.stadtkapelle-oettingen.de\/wp-content\/uploads\/2024\/10\/IMG_0106-1-400x300.jpg 400w\" sizes=\"(max-width: 1024px) 100vw, 1024px\" \/><\/figure>\n\n\n\n<p><em>Bild der Partnerkapellen am Sonntag vor der Abreise<\/em><\/p>\n","protected":false},"excerpt":{"rendered":"<p>Am vergangenen Wochenende erlebten die Mitglieder der bayerischen Stadtkapelle Oettingen ein unvergessliches Treffen mit dem Musikverein Willebadessen in Nordrhein-Westfalen. Dieses Ereignis, das nicht nur von musikalischem Austausch, sondern auch von kameradschaftlicher Verbundenheit gepr\u00e4gt war, fand von Freitag bis Sonntag statt und bot eine wunderbare Gelegenheit, gemeinsam zu musizieren, zu feiern und neue Freundschaften zu kn\u00fcpfen. Am Freitag begann das Wochenende<\/p>\n<p><a class=\"more-link\" href=\"https:\/\/www.stadtkapelle-oettingen.de\/?p=1625\">Weiterlesen<\/a><\/p>\n","protected":false},"author":10,"featured_media":0,"comment_status":"closed","ping_status":"open","sticky":false,"template":"","format":"standard","meta":{"footnotes":""},"categories":[1],"tags":[],"_links":{"self":[{"href":"https:\/\/www.stadtkapelle-oettingen.de\/index.php?rest_route=\/wp\/v2\/posts\/1625"}],"collection":[{"href":"https:\/\/www.stadtkapelle-oettingen.de\/index.php?rest_route=\/wp\/v2\/posts"}],"about":[{"href":"https:\/\/www.stadtkapelle-oettingen.de\/index.php?rest_route=\/wp\/v2\/types\/post"}],"author":[{"embeddable":true,"href":"https:\/\/www.stadtkapelle-oettingen.de\/index.php?rest_route=\/wp\/v2\/users\/10"}],"replies":[{"embeddable":true,"href":"https:\/\/www.stadtkapelle-oettingen.de\/index.php?rest_route=%2Fwp%2Fv2%2Fcomments&post=1625"}],"version-history":[{"count":6,"href":"https:\/\/www.stadtkapelle-oettingen.de\/index.php?rest_route=\/wp\/v2\/posts\/1625\/revisions"}],"predecessor-version":[{"id":1635,"href":"https:\/\/www.stadtkapelle-oettingen.de\/index.php?rest_route=\/wp\/v2\/posts\/1625\/revisions\/1635"}],"wp:attachment":[{"href":"https:\/\/www.stadtkapelle-oettingen.de\/index.php?rest_route=%2Fwp%2Fv2%2Fmedia&parent=1625"}],"wp:term":[{"taxonomy":"category","embeddable":true,"href":"https:\/\/www.stadtkapelle-oettingen.de\/index.php?rest_route=%2Fwp%2Fv2%2Fcategories&post=1625"},{"taxonomy":"post_tag","embeddable":true,"href":"https:\/\/www.stadtkapelle-oettingen.de\/index.php?rest_route=%2Fwp%2Fv2%2Ftags&post=1625"}],"curies":[{"name":"wp","href":"https:\/\/api.w.org\/{rel}","templated":true}]}}