{"id":1669,"date":"2024-11-04T14:36:36","date_gmt":"2024-11-04T12:36:36","guid":{"rendered":"http:\/\/www.stadtkapelle-oettingen.de\/?p=1669"},"modified":"2024-11-04T14:39:18","modified_gmt":"2024-11-04T12:39:18","slug":"konzert-der-stadtkapelle-oettingen-in-der-kirche-st-sebastian","status":"publish","type":"post","link":"https:\/\/www.stadtkapelle-oettingen.de\/?p=1669","title":{"rendered":"Konzert der Stadtkapelle Oettingen in der Kirche St. Sebastian"},"content":{"rendered":"\n<p>Mit festlichen und gef\u00fchlvollen Kl\u00e4ngen zum Advent m\u00f6chte die Stadtkapelle Oettingen auf die bevorstehende Weihnachtszeit einstimmen. Am Sonntag, den 15. Dezember 2024, l\u00e4dt Sie daher sehr herzlich zum Kirchenkonzert in St. Sebastian in Oettingen ein. Beginn der Veranstaltung ist um 17.00 Uhr. Der Eintritt ist frei.<\/p>\n\n\n\n<figure class=\"wp-block-image size-full\"><img loading=\"lazy\" decoding=\"async\" width=\"1024\" height=\"768\" src=\"http:\/\/www.stadtkapelle-oettingen.de\/wp-content\/uploads\/2024\/11\/Kirchenkonzert-2018-in-St.-Sebastian.jpg\" alt=\"\" class=\"wp-image-1670\" srcset=\"https:\/\/www.stadtkapelle-oettingen.de\/wp-content\/uploads\/2024\/11\/Kirchenkonzert-2018-in-St.-Sebastian.jpg 1024w, https:\/\/www.stadtkapelle-oettingen.de\/wp-content\/uploads\/2024\/11\/Kirchenkonzert-2018-in-St.-Sebastian-300x225.jpg 300w, https:\/\/www.stadtkapelle-oettingen.de\/wp-content\/uploads\/2024\/11\/Kirchenkonzert-2018-in-St.-Sebastian-768x576.jpg 768w, https:\/\/www.stadtkapelle-oettingen.de\/wp-content\/uploads\/2024\/11\/Kirchenkonzert-2018-in-St.-Sebastian-800x600.jpg 800w, https:\/\/www.stadtkapelle-oettingen.de\/wp-content\/uploads\/2024\/11\/Kirchenkonzert-2018-in-St.-Sebastian-400x300.jpg 400w\" sizes=\"(max-width: 1024px) 100vw, 1024px\" \/><\/figure>\n\n\n\n<p><em>Kirchenkonzert 2018 in St. Sebastian<\/em><\/p>\n\n\n\n<figure class=\"wp-block-image size-large\"><img loading=\"lazy\" decoding=\"async\" width=\"726\" height=\"1024\" src=\"http:\/\/www.stadtkapelle-oettingen.de\/wp-content\/uploads\/2024\/11\/Plakat-farbig-f.-Zeitung-1-726x1024.png\" alt=\"\" class=\"wp-image-1674\" srcset=\"https:\/\/www.stadtkapelle-oettingen.de\/wp-content\/uploads\/2024\/11\/Plakat-farbig-f.-Zeitung-1-726x1024.png 726w, https:\/\/www.stadtkapelle-oettingen.de\/wp-content\/uploads\/2024\/11\/Plakat-farbig-f.-Zeitung-1-213x300.png 213w, https:\/\/www.stadtkapelle-oettingen.de\/wp-content\/uploads\/2024\/11\/Plakat-farbig-f.-Zeitung-1-768x1083.png 768w, https:\/\/www.stadtkapelle-oettingen.de\/wp-content\/uploads\/2024\/11\/Plakat-farbig-f.-Zeitung-1-1090x1536.png 1090w, https:\/\/www.stadtkapelle-oettingen.de\/wp-content\/uploads\/2024\/11\/Plakat-farbig-f.-Zeitung-1-800x1128.png 800w, https:\/\/www.stadtkapelle-oettingen.de\/wp-content\/uploads\/2024\/11\/Plakat-farbig-f.-Zeitung-1.png 1240w\" sizes=\"(max-width: 726px) 100vw, 726px\" \/><\/figure>\n","protected":false},"excerpt":{"rendered":"<p>Mit festlichen und gef\u00fchlvollen Kl\u00e4ngen zum Advent m\u00f6chte die Stadtkapelle Oettingen auf die bevorstehende Weihnachtszeit einstimmen. Am Sonntag, den 15. Dezember 2024, l\u00e4dt Sie daher sehr herzlich zum Kirchenkonzert in St. Sebastian in Oettingen ein. Beginn der Veranstaltung ist um 17.00 Uhr. Der Eintritt ist frei. Kirchenkonzert 2018 in St. Sebastian<\/p>\n","protected":false},"author":10,"featured_media":0,"comment_status":"closed","ping_status":"open","sticky":false,"template":"","format":"standard","meta":{"footnotes":""},"categories":[1],"tags":[],"_links":{"self":[{"href":"https:\/\/www.stadtkapelle-oettingen.de\/index.php?rest_route=\/wp\/v2\/posts\/1669"}],"collection":[{"href":"https:\/\/www.stadtkapelle-oettingen.de\/index.php?rest_route=\/wp\/v2\/posts"}],"about":[{"href":"https:\/\/www.stadtkapelle-oettingen.de\/index.php?rest_route=\/wp\/v2\/types\/post"}],"author":[{"embeddable":true,"href":"https:\/\/www.stadtkapelle-oettingen.de\/index.php?rest_route=\/wp\/v2\/users\/10"}],"replies":[{"embeddable":true,"href":"https:\/\/www.stadtkapelle-oettingen.de\/index.php?rest_route=%2Fwp%2Fv2%2Fcomments&post=1669"}],"version-history":[{"count":2,"href":"https:\/\/www.stadtkapelle-oettingen.de\/index.php?rest_route=\/wp\/v2\/posts\/1669\/revisions"}],"predecessor-version":[{"id":1676,"href":"https:\/\/www.stadtkapelle-oettingen.de\/index.php?rest_route=\/wp\/v2\/posts\/1669\/revisions\/1676"}],"wp:attachment":[{"href":"https:\/\/www.stadtkapelle-oettingen.de\/index.php?rest_route=%2Fwp%2Fv2%2Fmedia&parent=1669"}],"wp:term":[{"taxonomy":"category","embeddable":true,"href":"https:\/\/www.stadtkapelle-oettingen.de\/index.php?rest_route=%2Fwp%2Fv2%2Fcategories&post=1669"},{"taxonomy":"post_tag","embeddable":true,"href":"https:\/\/www.stadtkapelle-oettingen.de\/index.php?rest_route=%2Fwp%2Fv2%2Ftags&post=1669"}],"curies":[{"name":"wp","href":"https:\/\/api.w.org\/{rel}","templated":true}]}}