{"id":1678,"date":"2024-12-21T10:40:49","date_gmt":"2024-12-21T08:40:49","guid":{"rendered":"https:\/\/www.stadtkapelle-oettingen.de\/?p=1678"},"modified":"2024-12-21T10:40:49","modified_gmt":"2024-12-21T08:40:49","slug":"kirchenkonzert-der-stadtkapelle-oettingen","status":"publish","type":"post","link":"https:\/\/www.stadtkapelle-oettingen.de\/?p=1678","title":{"rendered":"Kirchenkonzert der Stadtkapelle Oettingen"},"content":{"rendered":"\n<p><strong>Kirchenkonzert der Stadtkapelle Oettingen<\/strong><\/p>\n\n\n\n<p>Am dritten Advent durfte die Stadtkapelle Oettingen zahlreiche Besucher zu ihrem Kirchenkonzert in der Stadtpfarrkirche St. Sebastian begr\u00fc\u00dfen. Die Musikerinnen und Musiker pr\u00e4sentierten verschiedenste festliche und weihnachtliche Musik, um ihr Publikum auf die Adventszeit einzustimmen. Das Programm reichte von der Festmusik von Markus G\u00f6tz bis hin zu \u201eWe Are the World\u201cvon Michael Jackson und Lionel Richie. Den and\u00e4chtigen Abschluss des Abends bildete das traditionelle Weihnachtslied \u201eOh du Fr\u00f6hliche\u201c, bei dem viele Besucher gerne mitsangen.<\/p>\n\n\n\n<p>Die Spenden, die an dem Abend gesammelt wurden, kamen der Kirche St. Sebastian und dem Johannesheim in Oettingen zugute.<\/p>\n\n\n\n<figure class=\"wp-block-image size-large\"><img loading=\"lazy\" decoding=\"async\" width=\"1024\" height=\"768\" src=\"https:\/\/www.stadtkapelle-oettingen.de\/wp-content\/uploads\/2024\/12\/Bild-Kirchenkonzert-1024x768.jpg\" alt=\"\" class=\"wp-image-1679\" srcset=\"https:\/\/www.stadtkapelle-oettingen.de\/wp-content\/uploads\/2024\/12\/Bild-Kirchenkonzert-1024x768.jpg 1024w, https:\/\/www.stadtkapelle-oettingen.de\/wp-content\/uploads\/2024\/12\/Bild-Kirchenkonzert-300x225.jpg 300w, https:\/\/www.stadtkapelle-oettingen.de\/wp-content\/uploads\/2024\/12\/Bild-Kirchenkonzert-768x576.jpg 768w, https:\/\/www.stadtkapelle-oettingen.de\/wp-content\/uploads\/2024\/12\/Bild-Kirchenkonzert-1536x1152.jpg 1536w, https:\/\/www.stadtkapelle-oettingen.de\/wp-content\/uploads\/2024\/12\/Bild-Kirchenkonzert-800x600.jpg 800w, https:\/\/www.stadtkapelle-oettingen.de\/wp-content\/uploads\/2024\/12\/Bild-Kirchenkonzert-400x300.jpg 400w, https:\/\/www.stadtkapelle-oettingen.de\/wp-content\/uploads\/2024\/12\/Bild-Kirchenkonzert.jpg 1600w\" sizes=\"(max-width: 1024px) 100vw, 1024px\" \/><\/figure>\n","protected":false},"excerpt":{"rendered":"<p>Kirchenkonzert der Stadtkapelle Oettingen Am dritten Advent durfte die Stadtkapelle Oettingen zahlreiche Besucher zu ihrem Kirchenkonzert in der Stadtpfarrkirche St. Sebastian begr\u00fc\u00dfen. Die Musikerinnen und Musiker pr\u00e4sentierten verschiedenste festliche und weihnachtliche Musik, um ihr Publikum auf die Adventszeit einzustimmen. Das Programm reichte von der Festmusik von Markus G\u00f6tz bis hin zu \u201eWe Are the World\u201cvon Michael Jackson und Lionel Richie.<\/p>\n<p><a class=\"more-link\" href=\"https:\/\/www.stadtkapelle-oettingen.de\/?p=1678\">Weiterlesen<\/a><\/p>\n","protected":false},"author":10,"featured_media":0,"comment_status":"closed","ping_status":"open","sticky":false,"template":"","format":"standard","meta":{"footnotes":""},"categories":[1],"tags":[],"_links":{"self":[{"href":"https:\/\/www.stadtkapelle-oettingen.de\/index.php?rest_route=\/wp\/v2\/posts\/1678"}],"collection":[{"href":"https:\/\/www.stadtkapelle-oettingen.de\/index.php?rest_route=\/wp\/v2\/posts"}],"about":[{"href":"https:\/\/www.stadtkapelle-oettingen.de\/index.php?rest_route=\/wp\/v2\/types\/post"}],"author":[{"embeddable":true,"href":"https:\/\/www.stadtkapelle-oettingen.de\/index.php?rest_route=\/wp\/v2\/users\/10"}],"replies":[{"embeddable":true,"href":"https:\/\/www.stadtkapelle-oettingen.de\/index.php?rest_route=%2Fwp%2Fv2%2Fcomments&post=1678"}],"version-history":[{"count":1,"href":"https:\/\/www.stadtkapelle-oettingen.de\/index.php?rest_route=\/wp\/v2\/posts\/1678\/revisions"}],"predecessor-version":[{"id":1680,"href":"https:\/\/www.stadtkapelle-oettingen.de\/index.php?rest_route=\/wp\/v2\/posts\/1678\/revisions\/1680"}],"wp:attachment":[{"href":"https:\/\/www.stadtkapelle-oettingen.de\/index.php?rest_route=%2Fwp%2Fv2%2Fmedia&parent=1678"}],"wp:term":[{"taxonomy":"category","embeddable":true,"href":"https:\/\/www.stadtkapelle-oettingen.de\/index.php?rest_route=%2Fwp%2Fv2%2Fcategories&post=1678"},{"taxonomy":"post_tag","embeddable":true,"href":"https:\/\/www.stadtkapelle-oettingen.de\/index.php?rest_route=%2Fwp%2Fv2%2Ftags&post=1678"}],"curies":[{"name":"wp","href":"https:\/\/api.w.org\/{rel}","templated":true}]}}