{"id":1682,"date":"2024-12-23T18:04:36","date_gmt":"2024-12-23T16:04:36","guid":{"rendered":"https:\/\/www.stadtkapelle-oettingen.de\/?p=1682"},"modified":"2024-12-23T19:46:12","modified_gmt":"2024-12-23T17:46:12","slug":"generalversammlung-der-stadtgeneralversammlung-der-stadtkapelle-oettingen-und-des-foerder-und-freundeskreises-der-jugend-und-stadtkapelle-oettingengeneralversammlung-der-stadt","status":"publish","type":"post","link":"https:\/\/www.stadtkapelle-oettingen.de\/?p=1682","title":{"rendered":"Generalversammlung der Stadtkapelle Oettingen und des F\u00f6rder- und Freundeskreises der Jugend- und Stadtkapelle Oettingen"},"content":{"rendered":"\n<p>Die Stadtkapelle D\u2019Riaser Oettingen e.V. und der F\u00f6rder- und Freundeskreis der Jugend- und Stadtkapelle Oettingen e.V. halten am<\/p>\n\n\n\n<p><strong>Freitag, den 17. Januar 2025 <\/strong>um<strong> 20.00 Uhr<\/strong> im<strong> Museumshof in der Hofgasse 14 in Oettingen<\/strong><\/p>\n\n\n\n<p>ihre Jahreshauptversammlung ab.<\/p>\n\n\n\n<p>Hierzu sind alle Mitglieder des F\u00f6rder- und Freundeskreises der Jugend- und Stadtkapelle Oettingen e. V. und alle Mitglieder der Stadtkapelle D&#8217;Riaser Oettingen e.V., sowie Eltern, Freunde und G\u00f6nner der Vereine herzlich eingeladen.<\/p>\n\n\n\n<p><strong>Tagesordnung des F\u00f6rder- und Freundeskreises der Jugend- und Stadtkapelle Oettingen e.V.:<\/strong><\/p>\n\n\n\n<p>1. Er\u00f6ffnung und Begr\u00fc\u00dfung durch den 1. Vorsitzenden<\/p>\n\n\n\n<p>&nbsp;2. Bericht des 1. Vorsitzenden<\/p>\n\n\n\n<p>&nbsp;3. Niederschrift der Generalversammlung 2024<\/p>\n\n\n\n<p>&nbsp;4. Bericht des Kassiers und der Kassenpr\u00fcfer<\/p>\n\n\n\n<p>&nbsp;5. Entlastung der Vorstandschaft<\/p>\n\n\n\n<p>&nbsp;6. W\u00fcnsche und Antr\u00e4ge<\/p>\n\n\n\n<p><strong>Tagesordnung der Stadtkapelle D\u2019Riaser Oettingen e.V.:<\/strong><\/p>\n\n\n\n<p> 1. Er\u00f6ffnung und Begr\u00fc\u00dfung durch den 1. Vorsitzenden<\/p>\n\n\n\n<p>&nbsp;2. Bericht des 1. Vorsitzenden<\/p>\n\n\n\n<p>&nbsp;3. Niederschrift der Generalversammlung 2024<\/p>\n\n\n\n<p>&nbsp;4. Bericht des Dirigenten<\/p>\n\n\n\n<p>&nbsp;5. Bericht des Kassiers und der Kassenpr\u00fcfer<\/p>\n\n\n\n<p>&nbsp;6. Bericht der Jugendleiter<\/p>\n\n\n\n<p>&nbsp;7. Berichte der Notenwarte, Zeugwarte und Anlagenwarte<\/p>\n\n\n\n<p>&nbsp;8. Entlastung der Vorstandschaft<\/p>\n\n\n\n<p>&nbsp;9. W\u00fcnsche und Antr\u00e4ge<\/p>\n\n\n\n<p>Wir bitten darum, W\u00fcnsche und Antr\u00e4ge sp\u00e4testens zwei Tage vor der Generalversammlung schriftlich beim 1. Vorsitzenden einzureichen. Wir freuen uns auf Euer zahlreiches Erscheinen!<\/p>\n","protected":false},"excerpt":{"rendered":"<p>Die Stadtkapelle D\u2019Riaser Oettingen e.V. und der F\u00f6rder- und Freundeskreis der Jugend- und Stadtkapelle Oettingen e.V. halten am Freitag, den 17. Januar 2025 um 20.00 Uhr im Museumshof in der Hofgasse 14 in Oettingen ihre Jahreshauptversammlung ab. Hierzu sind alle Mitglieder des F\u00f6rder- und Freundeskreises der Jugend- und Stadtkapelle Oettingen e. V. und alle Mitglieder der Stadtkapelle D&#8217;Riaser Oettingen e.V.,<\/p>\n<p><a class=\"more-link\" href=\"https:\/\/www.stadtkapelle-oettingen.de\/?p=1682\">Weiterlesen<\/a><\/p>\n","protected":false},"author":10,"featured_media":0,"comment_status":"closed","ping_status":"open","sticky":false,"template":"","format":"standard","meta":{"footnotes":""},"categories":[1],"tags":[],"_links":{"self":[{"href":"https:\/\/www.stadtkapelle-oettingen.de\/index.php?rest_route=\/wp\/v2\/posts\/1682"}],"collection":[{"href":"https:\/\/www.stadtkapelle-oettingen.de\/index.php?rest_route=\/wp\/v2\/posts"}],"about":[{"href":"https:\/\/www.stadtkapelle-oettingen.de\/index.php?rest_route=\/wp\/v2\/types\/post"}],"author":[{"embeddable":true,"href":"https:\/\/www.stadtkapelle-oettingen.de\/index.php?rest_route=\/wp\/v2\/users\/10"}],"replies":[{"embeddable":true,"href":"https:\/\/www.stadtkapelle-oettingen.de\/index.php?rest_route=%2Fwp%2Fv2%2Fcomments&post=1682"}],"version-history":[{"count":6,"href":"https:\/\/www.stadtkapelle-oettingen.de\/index.php?rest_route=\/wp\/v2\/posts\/1682\/revisions"}],"predecessor-version":[{"id":1691,"href":"https:\/\/www.stadtkapelle-oettingen.de\/index.php?rest_route=\/wp\/v2\/posts\/1682\/revisions\/1691"}],"wp:attachment":[{"href":"https:\/\/www.stadtkapelle-oettingen.de\/index.php?rest_route=%2Fwp%2Fv2%2Fmedia&parent=1682"}],"wp:term":[{"taxonomy":"category","embeddable":true,"href":"https:\/\/www.stadtkapelle-oettingen.de\/index.php?rest_route=%2Fwp%2Fv2%2Fcategories&post=1682"},{"taxonomy":"post_tag","embeddable":true,"href":"https:\/\/www.stadtkapelle-oettingen.de\/index.php?rest_route=%2Fwp%2Fv2%2Ftags&post=1682"}],"curies":[{"name":"wp","href":"https:\/\/api.w.org\/{rel}","templated":true}]}}